{"id":494,"date":"2025-01-17T13:06:00","date_gmt":"2025-01-17T13:06:00","guid":{"rendered":"https:\/\/myposter.de\/initiative-kreative-berufe\/?p=494"},"modified":"2025-03-19T17:07:18","modified_gmt":"2025-03-19T17:07:18","slug":"kuenstler-maler-interview-melvin-werner","status":"publish","type":"post","link":"https:\/\/www.myposter.de\/initiative-kreative-berufe\/kuenstler-maler-interview-melvin-werner\/","title":{"rendered":"Melvin Werner"},"content":{"rendered":"\n<div class=\"wp-block-group single-profile has-light-blue-background-color has-background is-nowrap is-layout-flex wp-container-core-group-is-layout-52e261c9 wp-block-group-is-layout-flex\" style=\"border-radius:6px;min-height:290px;margin-top:var(--wp--preset--spacing--60);margin-bottom:var(--wp--preset--spacing--40)\"><figure style=\"aspect-ratio:3\/4;width:290px;height:100%;\" class=\"wp-block-post-featured-image\"><img loading=\"lazy\" decoding=\"async\" width=\"750\" height=\"750\" src=\"https:\/\/www.myposter.de\/initiative-kreative-berufe\/wp-content\/uploads\/2025\/01\/IMG_3107.webp\" class=\"attachment-post-thumbnail size-post-thumbnail wp-post-image\" alt=\"\" style=\"border-radius:4px;width:100%;height:100%;object-fit:cover;\" srcset=\"https:\/\/www.myposter.de\/initiative-kreative-berufe\/wp-content\/uploads\/2025\/01\/IMG_3107.webp 750w, https:\/\/www.myposter.de\/initiative-kreative-berufe\/wp-content\/uploads\/2025\/01\/IMG_3107-300x300.webp 300w, https:\/\/www.myposter.de\/initiative-kreative-berufe\/wp-content\/uploads\/2025\/01\/IMG_3107-150x150.webp 150w\" sizes=\"auto, (max-width: 750px) 100vw, 750px\" \/><\/figure>\n\n\n<div class=\"wp-block-group has-global-padding is-layout-constrained wp-container-core-group-is-layout-0249f8d8 wp-block-group-is-layout-constrained\" style=\"margin-top:0;margin-bottom:0;padding-top:0;padding-right:0;padding-bottom:0;padding-left:var(--wp--preset--spacing--40)\">\n<p class=\"has-pink-color has-text-color has-link-color wp-elements-94fe87d43b0c58d04f1619d6affdee15\" style=\"margin-top:0;margin-bottom:0;padding-top:0;padding-bottom:0;font-style:normal;font-weight:700;text-transform:uppercase\">Interview mit<\/p>\n\n\n<h1 style=\"text-transform:uppercase; padding-top:0;padding-bottom:0;margin-top:0;margin-bottom:15px;\" class=\"wp-block-post-title has-large-font-size\">Melvin Werner<\/h1>\n\n\n<div class=\"wp-block-group is-nowrap is-layout-flex wp-container-core-group-is-layout-53e33e2f wp-block-group-is-layout-flex\" style=\"margin-top:var(--wp--preset--spacing--10);margin-bottom:0;padding-top:0;padding-bottom:0\"><div class=\"wp-block-safe-svg-svg-icon safe-svg-cover\" style=\"text-align: left;\">\n\t\t\t\t<div class=\"safe-svg-inside safe-svg-inline\" style=\"width: 18px; height: 18px; background-color: var(--wp--preset--color--); color: var(--wp--preset--color--); padding-top: ; padding-right: ; padding-bottom: ; padding-left: ; margin-top: var(--wp--preset--spacing--0-5); margin-right: ; margin-bottom: ; margin-left: ;\"><?xml version=\"1.0\" encoding=\"UTF-8\"?> <svg xmlns=\"http:\/\/www.w3.org\/2000\/svg\" width=\"18\" height=\"18\" viewBox=\"0 0 18 18\" fill=\"none\"><g clip-path=\"url(#clip0_236_743)\"><path d=\"M9.00132 9.34695C11.5728 9.34695 13.6748 7.24492 13.6748 4.67348C13.6748 2.10203 11.5728 0 9.00132 0C6.42987 0 4.32788 2.10203 4.32788 4.67348C4.32788 7.24492 6.42991 9.34695 9.00132 9.34695Z\" fill=\"#6C6C6C\"><\/path><path d=\"M17.0217 13.0815C16.8993 12.7754 16.736 12.4897 16.5523 12.2244C15.6136 10.8366 14.1646 9.91824 12.5319 9.69375C12.3279 9.67336 12.1034 9.71414 11.9401 9.8366C11.083 10.4693 10.0626 10.7958 9.00132 10.7958C7.94007 10.7958 6.91968 10.4693 6.06254 9.8366C5.89925 9.71414 5.67476 9.65293 5.4707 9.69375C3.83804 9.91824 2.36867 10.8366 1.45031 12.2244C1.26664 12.4897 1.10336 12.7958 0.980934 13.0815C0.919723 13.204 0.940113 13.3468 1.00132 13.4693C1.16461 13.755 1.36867 14.0407 1.55234 14.2856C1.83804 14.6734 2.14418 15.0203 2.49113 15.3468C2.77683 15.6325 3.10336 15.8979 3.42992 16.1632C5.04214 17.3673 6.98093 17.9999 8.98093 17.9999C10.9809 17.9999 12.9197 17.3672 14.5319 16.1632C14.8585 15.9183 15.185 15.6325 15.4707 15.3468C15.7973 15.0203 16.1238 14.6734 16.4095 14.2856C16.6136 14.0203 16.7973 13.755 16.9605 13.4693C17.0625 13.3468 17.0829 13.2039 17.0217 13.0815Z\" fill=\"#6C6C6C\"><\/path><\/g><defs><clipPath id=\"clip0_236_743\"><rect width=\"18\" height=\"18\" fill=\"white\"><\/rect><\/clipPath><\/defs><\/svg> <\/div>\n\t\t\t<\/div>\n\n<div style=\"padding-top:0;padding-bottom:0;margin-top:0;margin-bottom:0\" class=\"taxonomy-post_tag wp-block-post-terms has-small-medium-x-font-size\">K\u00fcnstler<span class=\"wp-block-post-terms__separator\">, <\/span>Maler<\/div><\/div>\n\n\n\n<div class=\"wp-block-group is-nowrap is-layout-flex wp-container-core-group-is-layout-b25cebbb wp-block-group-is-layout-flex\" style=\"margin-top:0;margin-bottom:0;padding-top:0;padding-bottom:0\"><div class=\"wp-block-safe-svg-svg-icon safe-svg-cover\" style=\"text-align: left;\">\n\t\t\t\t<div class=\"safe-svg-inside safe-svg-inline\" style=\"width: 18px; height: 18px; background-color: var(--wp--preset--color--); color: var(--wp--preset--color--); padding-top: ; padding-right: ; padding-bottom: ; padding-left: ; margin-top: var(--wp--preset--spacing--0-5); margin-right: ; margin-bottom: ; margin-left: ;\"><?xml version=\"1.0\" encoding=\"UTF-8\"?> <svg xmlns=\"http:\/\/www.w3.org\/2000\/svg\" width=\"18\" height=\"18\" viewBox=\"0 0 18 18\" fill=\"none\"><g clip-path=\"url(#clip0_99_498)\"><path d=\"M12.0296 5.625C11.4361 2.86875 10.1705 1.125 8.99996 1.125C7.8294 1.125 6.56377 2.86875 5.97034 5.625H12.0296Z\" fill=\"#6C6C6C\"><\/path><path d=\"M5.625 9C5.62486 9.75251 5.67504 10.5042 5.77519 11.25H12.2248C12.325 10.5042 12.3751 9.75251 12.375 9C12.3751 8.24749 12.325 7.49581 12.2248 6.75H5.77519C5.67504 7.49581 5.62486 8.24749 5.625 9Z\" fill=\"#6C6C6C\"><\/path><path d=\"M5.97034 12.375C6.56377 15.1313 7.8294 16.875 8.99996 16.875C10.1705 16.875 11.4361 15.1313 12.0296 12.375H5.97034Z\" fill=\"#6C6C6C\"><\/path><path d=\"M13.1816 5.62501H16.7253C16.1929 4.41326 15.3839 3.34314 14.3631 2.50052C13.3424 1.65789 12.1385 1.06619 10.8478 0.772888C11.9148 1.7117 12.7518 3.44758 13.1816 5.62501Z\" fill=\"#6C6C6C\"><\/path><path d=\"M17.1298 6.75H13.361C13.4538 7.49641 13.5002 8.24785 13.5 9C13.5 9.75216 13.4535 10.5036 13.3605 11.25H17.1292C17.5394 9.77805 17.54 8.22195 17.1298 6.75Z\" fill=\"#6C6C6C\"><\/path><path d=\"M10.8478 17.2271C12.1387 16.934 13.3429 16.3424 14.3638 15.4997C15.3847 14.6571 16.1939 13.5869 16.7265 12.375H13.1827C12.7518 14.5524 11.9148 16.2883 10.8478 17.2271Z\" fill=\"#6C6C6C\"><\/path><path d=\"M4.81841 12.375H1.27466C1.80723 13.5869 2.61643 14.6571 3.63735 15.4997C4.65826 16.3424 5.86246 16.934 7.15335 17.2271C6.08516 16.2883 5.24816 14.5524 4.81841 12.375Z\" fill=\"#6C6C6C\"><\/path><path d=\"M7.15225 0.772888C5.86137 1.06603 4.65716 1.65765 3.63625 2.50029C2.61533 3.34293 1.80613 4.41312 1.27356 5.62501H4.81731C5.24818 3.44758 6.08518 1.7117 7.15225 0.772888Z\" fill=\"#6C6C6C\"><\/path><path d=\"M4.50002 9C4.49995 8.24784 4.54654 7.49639 4.63952 6.75H0.870771C0.460557 8.22195 0.460557 9.77805 0.870771 11.25H4.63952C4.54654 10.5036 4.49995 9.75216 4.50002 9Z\" fill=\"#6C6C6C\"><\/path><\/g><defs><clipPath id=\"clip0_99_498\"><rect width=\"18\" height=\"18\" fill=\"white\"><\/rect><\/clipPath><\/defs><\/svg> <\/div>\n\t\t\t<\/div>\n\n\n<p class=\"has-small-medium-x-font-size\" style=\"margin-top:0;margin-bottom:0;padding-top:0;padding-bottom:0;font-style:normal;font-weight:500\"><a href=\"https:\/\/melke1.com\/\" rel=\"noopener\">https:\/\/melke1.com\/<\/a><\/p>\n<\/div>\n\n\n\n<div class=\"wp-block-group is-nowrap is-layout-flex wp-container-core-group-is-layout-117f5015 wp-block-group-is-layout-flex\" style=\"margin-top:0;margin-bottom:0;padding-top:0;padding-right:0;padding-bottom:0;padding-left:0\">\n<p class=\"has-small-medium-x-font-size\" style=\"padding-top:0;padding-bottom:0;font-style:normal;font-weight:500\">Social Links:<\/p>\n\n\n\n<ul class=\"wp-block-social-links has-small-icon-size has-icon-background-color is-layout-flex wp-container-core-social-links-is-layout-994d6444 wp-block-social-links-is-layout-flex\"><li style=\"background-color:#E5005A;\" class=\"wp-social-link wp-social-link-instagram has-pink-background-color wp-block-social-link\"><a href=\"https:\/\/www.instagram.com\/_melke1_\/?hl=de\" class=\"wp-block-social-link-anchor\" rel=\"noopener\"><svg width=\"24\" height=\"24\" viewBox=\"0 0 24 24\" version=\"1.1\" xmlns=\"http:\/\/www.w3.org\/2000\/svg\" aria-hidden=\"true\" focusable=\"false\"><path d=\"M12,4.622c2.403,0,2.688,0.009,3.637,0.052c0.877,0.04,1.354,0.187,1.671,0.31c0.42,0.163,0.72,0.358,1.035,0.673 c0.315,0.315,0.51,0.615,0.673,1.035c0.123,0.317,0.27,0.794,0.31,1.671c0.043,0.949,0.052,1.234,0.052,3.637 s-0.009,2.688-0.052,3.637c-0.04,0.877-0.187,1.354-0.31,1.671c-0.163,0.42-0.358,0.72-0.673,1.035 c-0.315,0.315-0.615,0.51-1.035,0.673c-0.317,0.123-0.794,0.27-1.671,0.31c-0.949,0.043-1.233,0.052-3.637,0.052 s-2.688-0.009-3.637-0.052c-0.877-0.04-1.354-0.187-1.671-0.31c-0.42-0.163-0.72-0.358-1.035-0.673 c-0.315-0.315-0.51-0.615-0.673-1.035c-0.123-0.317-0.27-0.794-0.31-1.671C4.631,14.688,4.622,14.403,4.622,12 s0.009-2.688,0.052-3.637c0.04-0.877,0.187-1.354,0.31-1.671c0.163-0.42,0.358-0.72,0.673-1.035 c0.315-0.315,0.615-0.51,1.035-0.673c0.317-0.123,0.794-0.27,1.671-0.31C9.312,4.631,9.597,4.622,12,4.622 M12,3 C9.556,3,9.249,3.01,8.289,3.054C7.331,3.098,6.677,3.25,6.105,3.472C5.513,3.702,5.011,4.01,4.511,4.511 c-0.5,0.5-0.808,1.002-1.038,1.594C3.25,6.677,3.098,7.331,3.054,8.289C3.01,9.249,3,9.556,3,12c0,2.444,0.01,2.751,0.054,3.711 c0.044,0.958,0.196,1.612,0.418,2.185c0.23,0.592,0.538,1.094,1.038,1.594c0.5,0.5,1.002,0.808,1.594,1.038 c0.572,0.222,1.227,0.375,2.185,0.418C9.249,20.99,9.556,21,12,21s2.751-0.01,3.711-0.054c0.958-0.044,1.612-0.196,2.185-0.418 c0.592-0.23,1.094-0.538,1.594-1.038c0.5-0.5,0.808-1.002,1.038-1.594c0.222-0.572,0.375-1.227,0.418-2.185 C20.99,14.751,21,14.444,21,12s-0.01-2.751-0.054-3.711c-0.044-0.958-0.196-1.612-0.418-2.185c-0.23-0.592-0.538-1.094-1.038-1.594 c-0.5-0.5-1.002-0.808-1.594-1.038c-0.572-0.222-1.227-0.375-2.185-0.418C14.751,3.01,14.444,3,12,3L12,3z M12,7.378 c-2.552,0-4.622,2.069-4.622,4.622S9.448,16.622,12,16.622s4.622-2.069,4.622-4.622S14.552,7.378,12,7.378z M12,15 c-1.657,0-3-1.343-3-3s1.343-3,3-3s3,1.343,3,3S13.657,15,12,15z M16.804,6.116c-0.596,0-1.08,0.484-1.08,1.08 s0.484,1.08,1.08,1.08c0.596,0,1.08-0.484,1.08-1.08S17.401,6.116,16.804,6.116z\"><\/path><\/svg><span class=\"wp-block-social-link-label screen-reader-text\">Instagram<\/span><\/a><\/li>\n\n<li style=\"background-color:#E5005A;\" class=\"wp-social-link wp-social-link-youtube has-pink-background-color wp-block-social-link\"><a href=\"https:\/\/www.youtube.com\/@melke1\" class=\"wp-block-social-link-anchor\" rel=\"noopener\"><svg width=\"24\" height=\"24\" viewBox=\"0 0 24 24\" version=\"1.1\" xmlns=\"http:\/\/www.w3.org\/2000\/svg\" aria-hidden=\"true\" focusable=\"false\"><path d=\"M21.8,8.001c0,0-0.195-1.378-0.795-1.985c-0.76-0.797-1.613-0.801-2.004-0.847c-2.799-0.202-6.997-0.202-6.997-0.202 h-0.009c0,0-4.198,0-6.997,0.202C4.608,5.216,3.756,5.22,2.995,6.016C2.395,6.623,2.2,8.001,2.2,8.001S2,9.62,2,11.238v1.517 c0,1.618,0.2,3.237,0.2,3.237s0.195,1.378,0.795,1.985c0.761,0.797,1.76,0.771,2.205,0.855c1.6,0.153,6.8,0.201,6.8,0.201 s4.203-0.006,7.001-0.209c0.391-0.047,1.243-0.051,2.004-0.847c0.6-0.607,0.795-1.985,0.795-1.985s0.2-1.618,0.2-3.237v-1.517 C22,9.62,21.8,8.001,21.8,8.001z M9.935,14.594l-0.001-5.62l5.404,2.82L9.935,14.594z\"><\/path><\/svg><span class=\"wp-block-social-link-label screen-reader-text\">YouTube<\/span><\/a><\/li><\/ul>\n<\/div>\n<\/div>\n<\/div>\n\n\n\n<h2 class=\"wp-block-heading\"><strong>1. <strong>Bitte stell dich kurz vor: Wer bist du und was machst du genau als K\u00fcnstler?<\/strong><\/strong><\/h2>\n\n\n\n<p>Ich bin Melvin Werner, 29 Jahre alt und lebe in Berlin. Ich arbeite als freischaffender K\u00fcnstler mit Fokus auf \u00d6lmalerei. Neben dem klassischen Malen betreibe ich auch Social-Media-Kan\u00e4le, auf denen ich meine Arbeit zeige und mit meinem Publikum in Kontakt trete.<\/p>\n\n\n\n<h2 class=\"wp-block-heading\"><strong>2. <strong>Was hat dich dazu inspiriert, eine Karriere in der Kunst zu verfolgen? Welchen Herausforderungen bist du dabei begegnet und wie hast du sie gemeistert?<\/strong><\/strong><\/h2>\n\n\n\n<p>Mich hat vor allem die M\u00f6glichkeit inspiriert, mich komplett kreativ auszuleben und meine eigenen Projekte zu realisieren. Allerdings merkte ich schnell, dass reine Kreativit\u00e4t nicht ausreicht, um langfristig erfolgreich zu sein. Man muss sich auch vermarkten und gesehen werden. Ich habe mich deshalb bewusst daf\u00fcr entschieden, Social Media einzusetzen. Angefangen habe ich mit Livestreams auf Twitch, in denen ich meine Malprozesse zeigte. Sp\u00e4ter habe ich die Aufzeichnungen zu Zeitraffer-Videos geschnitten und auf TikTok, Instagram und YouTube hochgeladen. So gelang es mir, Reichweite aufzubauen.<\/p>\n\n\n\n<h2 class=\"wp-block-heading\"><strong>3. <strong>Welche Erfahrungen oder Entscheidungen haben deinen Weg besonders beeinflusst?<\/strong><\/strong><\/h2>\n\n\n\n<p>Eine wichtige Entscheidung war, mein festes Angestelltenverh\u00e4ltnis zu k\u00fcndigen, um mich ganz auf die Kunst konzentrieren zu k\u00f6nnen. Anfangs verdiente ich mein Geld haupts\u00e4chlich \u00fcber Auftragsarbeiten, habe dann aber gemerkt, dass mir das zu wenig Raum f\u00fcr meine eigenen Ideen lie\u00df. Also zog ich einen klaren Schnitt und widme mich seitdem ausschlie\u00dflich meinen eigenen Werken.<\/p>\n\n\n\n<h2 class=\"wp-block-heading\"><strong>4. <strong>Was inspiriert dich in deinem kreativen Prozess und was motiviert, neue Werke zu schaffen?<\/strong><\/strong><\/h2>\n\n\n\n<p>Mich reizt es, etwas zu malen, das man so noch nicht gesehen hat \u2013 Bilder, die \u00fcberraschen und zum zweiten Hinschauen animieren. Meine Motivation ist der Reiz des Neuen und Au\u00dfergew\u00f6hnlichen. Ich mag es, \u201ckomische\u201d oder ungewohnte Elemente in meinen Werken zu vereinen, sodass etwas Eigenst\u00e4ndiges entsteht. Dieses Entdecken und Austesten neuer Ideen und Techniken inspiriert mich immer wieder aufs Neue.<\/p>\n\n\n\n<figure class=\"wp-block-embed is-type-video is-provider-youtube wp-block-embed-youtube wp-embed-aspect-16-9 wp-has-aspect-ratio\"><div class=\"wp-block-embed__wrapper\">\n<iframe loading=\"lazy\" title=\"Kann ich von meiner Kunst leben? Was inspiriert mich? Wie male ich meine Bilder? Q&amp;A\" width=\"500\" height=\"281\" src=\"https:\/\/www.youtube.com\/embed\/H0Ih3h3HK-I?feature=oembed\" frameborder=\"0\" allow=\"accelerometer; autoplay; clipboard-write; encrypted-media; gyroscope; picture-in-picture; web-share\" referrerpolicy=\"strict-origin-when-cross-origin\" allowfullscreen><\/iframe>\n<\/div><\/figure>\n\n\n\n<h2 class=\"wp-block-heading\"><strong>5. <strong>Gab es Momente, in denen du mit Herausforderungen oder Zweifeln konfrontiert warst? Wie bist du damit umgegangen und was hast du daraus gelernt?<\/strong><\/strong><\/h2>\n\n\n\n<p>Klar, Zweifel und Herausforderungen geh\u00f6ren dazu \u2013 auch jetzt noch. Wenn ich vor neuen Schwierigkeiten stehe, greife ich auf meinen Erfahrungsschatz zur\u00fcck. Ich denke immer: \u201eIch habe schon alles gemeistert, was vorher kam \u2013 das schaffe ich auch.\u201c Au\u00dferdem ist es mir wichtig, offen \u00fcber meine Struggles zu sprechen. Ich will nicht dieses \u201efake it till you make it\u201c spielen, sondern ehrlich sagen, wenn etwas nicht rund l\u00e4uft. Dadurch bekomme ich oft viel positives Feedback und zeige, dass auch R\u00fcckschl\u00e4ge Teil des kreativen Prozesses sind.<\/p>\n\n\n\n<h2 class=\"wp-block-heading\"><strong>6. <strong>Auf welches deiner bisherigen Projekte oder Werke bist du besonders stolz und was macht es f\u00fcr dich so bedeutend?<\/strong><\/strong><\/h2>\n\n\n\n<p>Bei mir gibt es immer so Bildreihen, an denen ich arbeite. Besonders stolz bin ich auf meine erste Serie \u201eGesichter mit Obstreihe\u201c \u2013 eine Mischung aus Portr\u00e4ts, bei denen es so aussah, als l\u00e4ge Obst auf den Gesichtern. Diese Serie hat meinen Durchbruch auf Social Media eingel\u00e4utet. Und in letzter Zeit experimentiere ich mit invertierten Bildern, was sogar zu einer Ausstellung gef\u00fchrt hat. Solche Projekte zeigen mir, dass mein Experimentiergeist und meine originellen Ideen wirklich ankommen.<\/p>\n\n\n\n<figure class=\"wp-block-embed is-type-video is-provider-youtube wp-block-embed-youtube wp-embed-aspect-16-9 wp-has-aspect-ratio\"><div class=\"wp-block-embed__wrapper\">\n<iframe loading=\"lazy\" title=\"Ein invertiertes Gem\u00e4lde? #kunst #malen #\u00f6lmalerei #melke1\" width=\"500\" height=\"281\" src=\"https:\/\/www.youtube.com\/embed\/ys1PqVbXIdg?feature=oembed\" frameborder=\"0\" allow=\"accelerometer; autoplay; clipboard-write; encrypted-media; gyroscope; picture-in-picture; web-share\" referrerpolicy=\"strict-origin-when-cross-origin\" allowfullscreen><\/iframe>\n<\/div><\/figure>\n\n\n\n<h2 class=\"wp-block-heading\"><strong>7. <strong>Was sind deiner Meinung nach die h\u00e4ufigsten Fehler, die Berufseinsteiger in der Kunst machen und wie kann man sie vermeiden?<\/strong><\/strong><\/h2>\n\n\n\n<p>Viele Neueinsteiger tendieren dazu, entweder zu sehr auf die Kunst oder zu sehr aufs Marketing zu setzen \u2013 oder sie wissen gar nicht, wie sie die beiden Bereiche in Balance bringen sollen. Du musst beides miteinander verbinden: Deine Kunst muss strahlen, aber du musst auch wissen, wie du sie an den Mann bringst. Ich kenne K\u00fcnstler, die einfach gro\u00dfartige Bilder malen, diese aber nie richtig pr\u00e4sentieren, und auch solche, die sich zu sehr auf Social Media konzentrieren, obwohl ihre k\u00fcnstlerische Qualit\u00e4t noch nicht da ist. Der Schl\u00fcssel liegt darin, den goldenen Mittelweg zwischen Business und Kunst zu finden.<\/p>\n\n\n\n<h2 class=\"wp-block-heading\"><strong>8. <strong>Welche Bildungswege w\u00fcrdest du jungen Menschen empfehlen, um f\u00fcr die Zukunft m\u00f6glichst gut aufgestellt zu sein und sich gleichzeitig entfalten zu k\u00f6nnen?<\/strong><\/strong><\/h2>\n\n\n\n<p>Ich pers\u00f6nlich habe von einem klassischen Bildungsweg profitiert: Nach dem Abitur habe ich eine Ausbildung im kreativen Bereich (Grafikdesign) gemacht und nebenbei gearbeitet. Diese Kombination verschaffte mir nicht nur fachliche Grundlagen, sondern auch einen finanziellen Puffer. Deshalb rate ich, nicht voreilig die Schule abzubrechen \u2013 ein solider Abschluss kann dir den n\u00f6tigen R\u00fcckhalt geben, um dich sp\u00e4ter voll und ganz der Kunst zu widmen.<\/p>\n\n\n\n<h2 class=\"wp-block-heading\"><strong>9. <strong>Welchen Rat m\u00f6chtest du angehenden K\u00fcnstlern mitgeben, die am Anfang ihrer Karriere stehen?<\/strong><\/strong><\/h2>\n\n\n\n<p>Lasst euch von unrealistischen Vergleichen nicht entmutigen. Konzentriert euch auf eure eigene Entwicklung, bleibt selbstkritisch und authentisch. Jeder Weg ist individuell. Das Wichtigste ist, sich treu zu bleiben und den eigenen Stil zu finden.<\/p>\n","protected":false},"excerpt":{"rendered":"<p>Freischaffender K\u00fcnstler &#038; Influencer, der klassische \u00d6lmalerei mit modernen Ausdrucksformen verbindet.<\/p>\n","protected":false},"author":3,"featured_media":495,"comment_status":"open","ping_status":"open","sticky":false,"template":"single-with-sidebar","format":"standard","meta":{"_acf_changed":false,"footnotes":""},"categories":[1],"tags":[6,7],"class_list":["post-494","post","type-post","status-publish","format-standard","has-post-thumbnail","hentry","category-uncategorized","tag-kuenstler","tag-maler"],"acf":[],"_links":{"self":[{"href":"https:\/\/www.myposter.de\/initiative-kreative-berufe\/wp-json\/wp\/v2\/posts\/494","targetHints":{"allow":["GET"]}}],"collection":[{"href":"https:\/\/www.myposter.de\/initiative-kreative-berufe\/wp-json\/wp\/v2\/posts"}],"about":[{"href":"https:\/\/www.myposter.de\/initiative-kreative-berufe\/wp-json\/wp\/v2\/types\/post"}],"author":[{"embeddable":true,"href":"https:\/\/www.myposter.de\/initiative-kreative-berufe\/wp-json\/wp\/v2\/users\/3"}],"replies":[{"embeddable":true,"href":"https:\/\/www.myposter.de\/initiative-kreative-berufe\/wp-json\/wp\/v2\/comments?post=494"}],"version-history":[{"count":16,"href":"https:\/\/www.myposter.de\/initiative-kreative-berufe\/wp-json\/wp\/v2\/posts\/494\/revisions"}],"predecessor-version":[{"id":906,"href":"https:\/\/www.myposter.de\/initiative-kreative-berufe\/wp-json\/wp\/v2\/posts\/494\/revisions\/906"}],"wp:featuredmedia":[{"embeddable":true,"href":"https:\/\/www.myposter.de\/initiative-kreative-berufe\/wp-json\/wp\/v2\/media\/495"}],"wp:attachment":[{"href":"https:\/\/www.myposter.de\/initiative-kreative-berufe\/wp-json\/wp\/v2\/media?parent=494"}],"wp:term":[{"taxonomy":"category","embeddable":true,"href":"https:\/\/www.myposter.de\/initiative-kreative-berufe\/wp-json\/wp\/v2\/categories?post=494"},{"taxonomy":"post_tag","embeddable":true,"href":"https:\/\/www.myposter.de\/initiative-kreative-berufe\/wp-json\/wp\/v2\/tags?post=494"}],"curies":[{"name":"wp","href":"https:\/\/api.w.org\/{rel}","templated":true}]}}