{"id":310,"date":"2025-01-17T13:01:00","date_gmt":"2025-01-17T13:01:00","guid":{"rendered":"https:\/\/myposter.de\/initiative-kreative-berufe\/?p=310"},"modified":"2025-03-19T17:12:30","modified_gmt":"2025-03-19T17:12:30","slug":"fotograf-interview-markus-reinke","status":"publish","type":"post","link":"https:\/\/www.myposter.de\/initiative-kreative-berufe\/fotograf-interview-markus-reinke\/","title":{"rendered":"Markus Reinke"},"content":{"rendered":"\n<div class=\"wp-block-group single-profile has-light-blue-background-color has-background is-nowrap is-layout-flex wp-container-core-group-is-layout-52e261c9 wp-block-group-is-layout-flex\" style=\"border-radius:6px;min-height:290px;margin-top:var(--wp--preset--spacing--60);margin-bottom:var(--wp--preset--spacing--40)\"><figure style=\"width:290px;\" class=\"wp-block-post-featured-image\"><img loading=\"lazy\" decoding=\"async\" width=\"1600\" height=\"2400\" src=\"https:\/\/www.myposter.de\/initiative-kreative-berufe\/wp-content\/uploads\/2025\/01\/Markus-Reinke-Fotograf-1.jpg\" class=\"attachment-post-thumbnail size-post-thumbnail wp-post-image\" alt=\"\" style=\"border-radius:4px;object-fit:cover;\" srcset=\"https:\/\/www.myposter.de\/initiative-kreative-berufe\/wp-content\/uploads\/2025\/01\/Markus-Reinke-Fotograf-1.jpg 1600w, https:\/\/www.myposter.de\/initiative-kreative-berufe\/wp-content\/uploads\/2025\/01\/Markus-Reinke-Fotograf-1-200x300.jpg 200w, https:\/\/www.myposter.de\/initiative-kreative-berufe\/wp-content\/uploads\/2025\/01\/Markus-Reinke-Fotograf-1-683x1024.jpg 683w, https:\/\/www.myposter.de\/initiative-kreative-berufe\/wp-content\/uploads\/2025\/01\/Markus-Reinke-Fotograf-1-768x1152.jpg 768w, https:\/\/www.myposter.de\/initiative-kreative-berufe\/wp-content\/uploads\/2025\/01\/Markus-Reinke-Fotograf-1-1024x1536.jpg 1024w, https:\/\/www.myposter.de\/initiative-kreative-berufe\/wp-content\/uploads\/2025\/01\/Markus-Reinke-Fotograf-1-1365x2048.jpg 1365w\" sizes=\"auto, (max-width: 1600px) 100vw, 1600px\" \/><\/figure>\n\n\n<div class=\"wp-block-group has-global-padding is-layout-constrained wp-container-core-group-is-layout-0249f8d8 wp-block-group-is-layout-constrained\" style=\"margin-top:0;margin-bottom:0;padding-top:0;padding-right:0;padding-bottom:0;padding-left:var(--wp--preset--spacing--40)\">\n<p class=\"has-pink-color has-text-color has-link-color wp-elements-94fe87d43b0c58d04f1619d6affdee15\" style=\"margin-top:0;margin-bottom:0;padding-top:0;padding-bottom:0;font-style:normal;font-weight:700;text-transform:uppercase\">Interview mit<\/p>\n\n\n<h1 style=\"text-transform:uppercase; padding-top:0;padding-bottom:0;margin-top:0;margin-bottom:15px;\" class=\"wp-block-post-title has-large-font-size\">Markus Reinke<\/h1>\n\n\n<div class=\"wp-block-group is-nowrap is-layout-flex wp-container-core-group-is-layout-53e33e2f wp-block-group-is-layout-flex\" style=\"margin-top:var(--wp--preset--spacing--10);margin-bottom:0;padding-top:0;padding-bottom:0\"><div class=\"wp-block-safe-svg-svg-icon safe-svg-cover\" style=\"text-align: left;\">\n\t\t\t\t<div class=\"safe-svg-inside safe-svg-inline\" style=\"width: 18px; height: 18px; background-color: var(--wp--preset--color--); color: var(--wp--preset--color--); padding-top: ; padding-right: ; padding-bottom: ; padding-left: ; margin-top: var(--wp--preset--spacing--0-5); margin-right: ; margin-bottom: ; margin-left: ;\"><?xml version=\"1.0\" encoding=\"UTF-8\"?> <svg xmlns=\"http:\/\/www.w3.org\/2000\/svg\" width=\"18\" height=\"18\" viewBox=\"0 0 18 18\" fill=\"none\"><g clip-path=\"url(#clip0_236_743)\"><path d=\"M9.00132 9.34695C11.5728 9.34695 13.6748 7.24492 13.6748 4.67348C13.6748 2.10203 11.5728 0 9.00132 0C6.42987 0 4.32788 2.10203 4.32788 4.67348C4.32788 7.24492 6.42991 9.34695 9.00132 9.34695Z\" fill=\"#6C6C6C\"><\/path><path d=\"M17.0217 13.0815C16.8993 12.7754 16.736 12.4897 16.5523 12.2244C15.6136 10.8366 14.1646 9.91824 12.5319 9.69375C12.3279 9.67336 12.1034 9.71414 11.9401 9.8366C11.083 10.4693 10.0626 10.7958 9.00132 10.7958C7.94007 10.7958 6.91968 10.4693 6.06254 9.8366C5.89925 9.71414 5.67476 9.65293 5.4707 9.69375C3.83804 9.91824 2.36867 10.8366 1.45031 12.2244C1.26664 12.4897 1.10336 12.7958 0.980934 13.0815C0.919723 13.204 0.940113 13.3468 1.00132 13.4693C1.16461 13.755 1.36867 14.0407 1.55234 14.2856C1.83804 14.6734 2.14418 15.0203 2.49113 15.3468C2.77683 15.6325 3.10336 15.8979 3.42992 16.1632C5.04214 17.3673 6.98093 17.9999 8.98093 17.9999C10.9809 17.9999 12.9197 17.3672 14.5319 16.1632C14.8585 15.9183 15.185 15.6325 15.4707 15.3468C15.7973 15.0203 16.1238 14.6734 16.4095 14.2856C16.6136 14.0203 16.7973 13.755 16.9605 13.4693C17.0625 13.3468 17.0829 13.2039 17.0217 13.0815Z\" fill=\"#6C6C6C\"><\/path><\/g><defs><clipPath id=\"clip0_236_743\"><rect width=\"18\" height=\"18\" fill=\"white\"><\/rect><\/clipPath><\/defs><\/svg> <\/div>\n\t\t\t<\/div>\n\n<div style=\"padding-top:0;padding-bottom:0;margin-top:0;margin-bottom:0\" class=\"taxonomy-post_tag wp-block-post-terms has-small-medium-x-font-size\">Ausbilder<span class=\"wp-block-post-terms__separator\">, <\/span>Fotograf<\/div><\/div>\n\n\n\n<div class=\"wp-block-group is-nowrap is-layout-flex wp-container-core-group-is-layout-b25cebbb wp-block-group-is-layout-flex\" style=\"margin-top:0;margin-bottom:0;padding-top:0;padding-bottom:0\"><div class=\"wp-block-safe-svg-svg-icon safe-svg-cover\" style=\"text-align: left;\">\n\t\t\t\t<div class=\"safe-svg-inside safe-svg-inline\" style=\"width: 18px; height: 18px; background-color: var(--wp--preset--color--); color: var(--wp--preset--color--); padding-top: ; padding-right: ; padding-bottom: ; padding-left: ; margin-top: var(--wp--preset--spacing--0-5); margin-right: ; margin-bottom: ; margin-left: ;\"><?xml version=\"1.0\" encoding=\"UTF-8\"?> <svg xmlns=\"http:\/\/www.w3.org\/2000\/svg\" width=\"18\" height=\"18\" viewBox=\"0 0 18 18\" fill=\"none\"><g clip-path=\"url(#clip0_99_498)\"><path d=\"M12.0296 5.625C11.4361 2.86875 10.1705 1.125 8.99996 1.125C7.8294 1.125 6.56377 2.86875 5.97034 5.625H12.0296Z\" fill=\"#6C6C6C\"><\/path><path d=\"M5.625 9C5.62486 9.75251 5.67504 10.5042 5.77519 11.25H12.2248C12.325 10.5042 12.3751 9.75251 12.375 9C12.3751 8.24749 12.325 7.49581 12.2248 6.75H5.77519C5.67504 7.49581 5.62486 8.24749 5.625 9Z\" fill=\"#6C6C6C\"><\/path><path d=\"M5.97034 12.375C6.56377 15.1313 7.8294 16.875 8.99996 16.875C10.1705 16.875 11.4361 15.1313 12.0296 12.375H5.97034Z\" fill=\"#6C6C6C\"><\/path><path d=\"M13.1816 5.62501H16.7253C16.1929 4.41326 15.3839 3.34314 14.3631 2.50052C13.3424 1.65789 12.1385 1.06619 10.8478 0.772888C11.9148 1.7117 12.7518 3.44758 13.1816 5.62501Z\" fill=\"#6C6C6C\"><\/path><path d=\"M17.1298 6.75H13.361C13.4538 7.49641 13.5002 8.24785 13.5 9C13.5 9.75216 13.4535 10.5036 13.3605 11.25H17.1292C17.5394 9.77805 17.54 8.22195 17.1298 6.75Z\" fill=\"#6C6C6C\"><\/path><path d=\"M10.8478 17.2271C12.1387 16.934 13.3429 16.3424 14.3638 15.4997C15.3847 14.6571 16.1939 13.5869 16.7265 12.375H13.1827C12.7518 14.5524 11.9148 16.2883 10.8478 17.2271Z\" fill=\"#6C6C6C\"><\/path><path d=\"M4.81841 12.375H1.27466C1.80723 13.5869 2.61643 14.6571 3.63735 15.4997C4.65826 16.3424 5.86246 16.934 7.15335 17.2271C6.08516 16.2883 5.24816 14.5524 4.81841 12.375Z\" fill=\"#6C6C6C\"><\/path><path d=\"M7.15225 0.772888C5.86137 1.06603 4.65716 1.65765 3.63625 2.50029C2.61533 3.34293 1.80613 4.41312 1.27356 5.62501H4.81731C5.24818 3.44758 6.08518 1.7117 7.15225 0.772888Z\" fill=\"#6C6C6C\"><\/path><path d=\"M4.50002 9C4.49995 8.24784 4.54654 7.49639 4.63952 6.75H0.870771C0.460557 8.22195 0.460557 9.77805 0.870771 11.25H4.63952C4.54654 10.5036 4.49995 9.75216 4.50002 9Z\" fill=\"#6C6C6C\"><\/path><\/g><defs><clipPath id=\"clip0_99_498\"><rect width=\"18\" height=\"18\" fill=\"white\"><\/rect><\/clipPath><\/defs><\/svg> <\/div>\n\t\t\t<\/div>\n\n\n<p class=\"has-small-medium-x-font-size\" style=\"margin-top:0;margin-bottom:0;padding-top:0;padding-bottom:0;font-style:normal;font-weight:500\"><a href=\"https:\/\/www.kleinbildkunst.de\/\" rel=\"noopener\">www.kleinbildkunst.de<\/a><\/p>\n<\/div>\n\n\n\n<div class=\"wp-block-group is-nowrap is-layout-flex wp-container-core-group-is-layout-117f5015 wp-block-group-is-layout-flex\" style=\"margin-top:0;margin-bottom:0;padding-top:0;padding-right:0;padding-bottom:0;padding-left:0\">\n<p class=\"has-small-medium-x-font-size\" style=\"padding-top:0;padding-bottom:0;font-style:normal;font-weight:500\">Social Links:<\/p>\n\n\n\n<ul class=\"wp-block-social-links has-small-icon-size has-icon-background-color is-nowrap is-layout-flex wp-container-core-social-links-is-layout-117f5015 wp-block-social-links-is-layout-flex\" style=\"margin-top:0;margin-bottom:0;padding-top:0;padding-right:0;padding-bottom:0;padding-left:0\"><li style=\"background-color:#E5005A;\" class=\"wp-social-link wp-social-link-instagram has-pink-background-color wp-block-social-link\"><a href=\"https:\/\/www.instagram.com\/fotokursbremen\/\" class=\"wp-block-social-link-anchor\" rel=\"noopener\"><svg width=\"24\" height=\"24\" viewBox=\"0 0 24 24\" version=\"1.1\" xmlns=\"http:\/\/www.w3.org\/2000\/svg\" aria-hidden=\"true\" focusable=\"false\"><path d=\"M12,4.622c2.403,0,2.688,0.009,3.637,0.052c0.877,0.04,1.354,0.187,1.671,0.31c0.42,0.163,0.72,0.358,1.035,0.673 c0.315,0.315,0.51,0.615,0.673,1.035c0.123,0.317,0.27,0.794,0.31,1.671c0.043,0.949,0.052,1.234,0.052,3.637 s-0.009,2.688-0.052,3.637c-0.04,0.877-0.187,1.354-0.31,1.671c-0.163,0.42-0.358,0.72-0.673,1.035 c-0.315,0.315-0.615,0.51-1.035,0.673c-0.317,0.123-0.794,0.27-1.671,0.31c-0.949,0.043-1.233,0.052-3.637,0.052 s-2.688-0.009-3.637-0.052c-0.877-0.04-1.354-0.187-1.671-0.31c-0.42-0.163-0.72-0.358-1.035-0.673 c-0.315-0.315-0.51-0.615-0.673-1.035c-0.123-0.317-0.27-0.794-0.31-1.671C4.631,14.688,4.622,14.403,4.622,12 s0.009-2.688,0.052-3.637c0.04-0.877,0.187-1.354,0.31-1.671c0.163-0.42,0.358-0.72,0.673-1.035 c0.315-0.315,0.615-0.51,1.035-0.673c0.317-0.123,0.794-0.27,1.671-0.31C9.312,4.631,9.597,4.622,12,4.622 M12,3 C9.556,3,9.249,3.01,8.289,3.054C7.331,3.098,6.677,3.25,6.105,3.472C5.513,3.702,5.011,4.01,4.511,4.511 c-0.5,0.5-0.808,1.002-1.038,1.594C3.25,6.677,3.098,7.331,3.054,8.289C3.01,9.249,3,9.556,3,12c0,2.444,0.01,2.751,0.054,3.711 c0.044,0.958,0.196,1.612,0.418,2.185c0.23,0.592,0.538,1.094,1.038,1.594c0.5,0.5,1.002,0.808,1.594,1.038 c0.572,0.222,1.227,0.375,2.185,0.418C9.249,20.99,9.556,21,12,21s2.751-0.01,3.711-0.054c0.958-0.044,1.612-0.196,2.185-0.418 c0.592-0.23,1.094-0.538,1.594-1.038c0.5-0.5,0.808-1.002,1.038-1.594c0.222-0.572,0.375-1.227,0.418-2.185 C20.99,14.751,21,14.444,21,12s-0.01-2.751-0.054-3.711c-0.044-0.958-0.196-1.612-0.418-2.185c-0.23-0.592-0.538-1.094-1.038-1.594 c-0.5-0.5-1.002-0.808-1.594-1.038c-0.572-0.222-1.227-0.375-2.185-0.418C14.751,3.01,14.444,3,12,3L12,3z M12,7.378 c-2.552,0-4.622,2.069-4.622,4.622S9.448,16.622,12,16.622s4.622-2.069,4.622-4.622S14.552,7.378,12,7.378z M12,15 c-1.657,0-3-1.343-3-3s1.343-3,3-3s3,1.343,3,3S13.657,15,12,15z M16.804,6.116c-0.596,0-1.08,0.484-1.08,1.08 s0.484,1.08,1.08,1.08c0.596,0,1.08-0.484,1.08-1.08S17.401,6.116,16.804,6.116z\"><\/path><\/svg><span class=\"wp-block-social-link-label screen-reader-text\">Instagram<\/span><\/a><\/li><\/ul>\n<\/div>\n<\/div>\n<\/div>\n\n\n\n<h2 class=\"wp-block-heading\">1. Erz\u00e4hl uns bitte etwas \u00fcber dich: Wer bist du und wie bist du zur Fotografie gekommen?<\/h2>\n\n\n\n<p>Mein Name ist Markus Reinke, 1977 geboren und freiberuflicher Fotograf und im Sinne der K\u00fcnstlersozialkasse Kunstfotograf. Die Fotografie hat mich in ihren Bann gezogen, als ich im Alter von 10 Jahren das erste Mal eine Kamera f\u00fcr mich alleine in der Hand hielt. Damals bekam ich von meinen Eltern den Fotoapparat mit auf Klassenfahrt, 5 Tage, ein Film, 24 Bilder, nur f\u00fcr mich und nur ich durfte entscheiden, was ich fotografiere. Im Grunde habe ich seitdem nicht mehr aufgeh\u00f6rt zu fotografieren.<\/p>\n\n\n\n<h2 class=\"wp-block-heading\">2. Was begeistert dich an deinem Beruf? Gibt es ein Projekt oder Erlebnis, auf das du besonders stolz bist?<\/h2>\n\n\n\n<p>Mich begeistert so vieles an meinem Beruf, ich bin Fotograf aus und mit Leidenschaft, f\u00fcr mich hat Fotografie immer noch etwas Magisches! Jedes Bild, jede Aufnahme ist eine Zeitmaschine, eine Reise zur\u00fcck an einen l\u00e4ngst vergangenen Moment oder zu einem Menschen, der unser Leben begleitet hat oder immer noch begleitet. Jedes Bild enth\u00e4lt eine Geschichte, diese eine Aufnahme, die so viel Kraft in sich tr\u00e4gt, dass sie in unserem Kopf ganze Filme erzeugt und komplette Geschichten erz\u00e4hlt. Aus diesem Grund ist Fotografie immer deutlich st\u00e4rker, als jeder Film.<\/p>\n\n\n\n<h2 class=\"wp-block-heading\">3. Welche Schl\u00fcsselmomente oder Erfahrungen haben deine Laufbahn besonders gepr\u00e4gt? Was waren dabei deine wichtigsten Learnings?<\/h2>\n\n\n\n<p>Die Gr\u00fcndung meiner eigenen Fotoschule, in der ich mein Wissen, meine Erfahrungen weitergeben kann und in einigen F\u00e4llen miterleben darf, wie aus ehemaligen Sch\u00fclern, erfolgreiche Fotografen werden. Meine wichtigsten Learnings, auch wenn Fotografie eine kreative Kunst ist: Wer dauerhaft erfolgreich sein m\u00f6chte und auch durch harte Phasen kommen m\u00f6chte, muss sich einen entsprechenden Kaufm\u00e4nnischen Background zulegen.<\/p>\n\n\n\n<h2 class=\"wp-block-heading\">4. Gab es auf deinem Weg Herausforderungen, die dich zweifeln lassen haben? Wie bist du damit umgegangen?<a href=\"http:\/\/markusthoma.com\/\" target=\"_blank\" rel=\"noreferrer noopener\"><\/a><\/h2>\n\n\n\n<p>Ganz klar ja, die gab es immer mal wieder und im Grunde gibt es nur die M\u00f6glichkeit, sich diesen Herausforderungen bestm\u00f6glich mit aller Kraft zu stellen. Gerade die Corona-Jahre, die \u00fcber einen langen Zeitraum ein de facto Berufsverbot bedeuteten und viele an die finanziellen Grenzen des M\u00f6glichen gebracht haben, waren mit Abstand die gr\u00f6\u00dfte Herausforderung!<\/p>\n\n\n\n<h2 class=\"wp-block-heading\">5. Welche Aus- oder Weiterbildungswege w\u00fcrdest du jungen Menschen empfehlen, die in der Fotografie Fu\u00df fassen wollen? Und warum?<\/h2>\n\n\n\n<p>Das ist schwierig zu beantworten, denn es gibt verschiedene Ans\u00e4tze. Ich halte die klassische Handwerksausbildung in vielen F\u00e4llen f\u00fcr sehr gut und f\u00fcr eine gute Basis, allerdings ist sie sehr stark auf die Sicht des Ausbildungsbetriebs beschr\u00e4nkt und wird dem aktuellen Markt daher nicht immer gerecht. Dennoch ist sie f\u00fcr die meisten Fotograf:innen ein guter Start, die klare Struktur, das Wissen um eine anerkannte Abschlusspr\u00fcfung und auch die Notwendigkeit, sich in einem Studio zurecht zu finden und eben nicht ganz frei in seiner Arbeit zu sein, halte ich f\u00fcr eine Ausbildung f\u00fcr sinnvoll!<br>Nat\u00fcrlich gibt es auch Menschen, die autodidakt gute F\u00e4higkeiten entwickeln und erfolgreich sein k\u00f6nnen, ich habe aber in den letzten Jahren zu viele, die ohne eine Ausbildung an den Markt getreten sind, nach 4 Jahren wieder verschwinden und scheitern sehen.<\/p>\n\n\n\n<p>Die Ausbildung an einer \u00f6ffentlichen Hochschule f\u00fcr K\u00fcnste, ist sehr gut f\u00fcr alle, die die Fotografie aus einer sehr k\u00fcnstlerischen und freien Sicht angehen wollen. Allerdings zeigt sich die Schw\u00e4che dieser Ausbildung h\u00e4ufig darin, dass es am kaufm\u00e4nnischen Wissen, der Monetarisierung von Leistungen, Kundenakquise und auch an den M\u00f6glichkeiten einer Auftragsumsetzung nach Kundenvorgabe fehlt. <\/p>\n\n\n\n<p>Es gibt am Markt viele Online-Schulen. Da ich selbst einmal f\u00fcr eine solche t\u00e4tig war, halte ich nicht viel von der reinen Online-Schulung. Fotografie braucht Praxis, Fotografie braucht den Umgang miteinander, und die Ausbildung braucht jemanden, der das Ganze vor Ort begleitet. Insofern kann ich allen, die eine schulische Akademieausbildung machen wollen, ohne den klassischen Weg zu gehen, nur empfehlen, sich immer eine Akademie zu suchen, die neben den Online-Kursen auch einen gro\u00dfen Anteil an begleiteten und betreuten Vor-Ort-Angeboten hat.<\/p>\n\n\n\n<h2 class=\"wp-block-heading\">6. Welche typischen Stolpersteine siehst du bei Nachwuchsfotografen und wie kann man sie am besten vermeiden?<\/h2>\n\n\n\n<p>Man muss nicht jeden Stolperstein vermeiden. Wer laufen lernt, lernt zun\u00e4chst zu fallen und wieder aufzustehen. Typische Stolpersteine sind Fehleinsch\u00e4tzungen des Marktes, der Konkurrenz und manchmal das \u00dcbersch\u00e4tzen der eigenen F\u00e4higkeiten sowie der Abwehrma\u00dfnahmen der Wettbewerber, wenn sie merken, dass sie Kunden verlieren. Der gr\u00f6\u00dfte Fehler, den Berufseinsteiger machen k\u00f6nnen, ist, ohne kaufm\u00e4nnisches Wissen zu starten, Preise zu raten, sich nur am Wettbewerb zu orientieren und keine saubere Kalkulation der eigenen Kosten, Zeiten und Preise zu machen! Das geht mittelfristig schief!<\/p>\n\n\n\n<h2 class=\"wp-block-heading\">7. Wie sch\u00e4tzt du die aktuellen Entwicklungen in Bezug auf KI ein und was bedeutet das f\u00fcr die Fotografie? Wo siehst du zuk\u00fcnftig die gr\u00f6\u00dften Chancen und Herausforderungen?<\/h2>\n\n\n\n<p>KI wird in einigen Bereichen der \u201eindustriellen Gebrauchsfotografie\u201c den Markt radikal ver\u00e4ndern \u2013 und hat es bereits getan. Ich sehe immer mehr KI-generierte oder CGI-basierte Fotografien, wenn es um Produktfotografie, Werbung, Marketing und auch Food-Fotografie geht. Hier bricht ein kompletter Markt weg und wird sich vollst\u00e4ndig ver\u00e4ndern m\u00fcssen. Auch in der Modefotografie ver\u00e4ndert sich einiges durch KI, sei es durch KI-generierte Umgebungen oder sogar KI-Modelle.<\/p>\n\n\n\n<p>Allerdings liegt hier auch die M\u00f6glichkeit, sich mit echten Bildern, echten Menschen und echten Emotionen vom Einheitsbrei der KI abzuheben! Fotografie muss lernen, sich mit individuellen Ideen, Andersartigkeit und k\u00fcnstlerischem Gesp\u00fcr von der KI abzugrenzen. Derzeit versuchen gerade j\u00fcngere Fotografen, die Mittel der KI zu nutzen, um sich am Markt zu behaupten. Dadurch schulen sie die KI weiter und vereinheitlichen die Bilder. Die Bilderflut auf Instagram ist an Banalit\u00e4t kaum noch zu \u00fcberbieten.<\/p>\n\n\n\n<p>Die KI als Werkzeug zu begreifen und zu nutzen, ist nicht falsch, aber es braucht Ideen und Intentionen f\u00fcr gute Fotografien \u2013 es braucht echte Geschichten.<\/p>\n\n\n\n<h2 class=\"wp-block-heading\">8. Welche Tipps hast du f\u00fcr junge Menschen, die sich in der Fotografie weiterentwickeln m\u00f6chten?<\/h2>\n\n\n\n<p>Immer weiter lernen \u2013 Fotografie ist gut 200 Jahre alt und entwickelt sich st\u00e4ndig weiter. Man lernt Fotografie nicht von YouTube, nicht aus Tutorials und nicht alleine. Wer fotografieren lernen will, muss sehen lernen, seine Bilder besprechen, sich Kritik anh\u00f6ren und auch vergleichen. Ich erlebe in meinen Kursen immer wieder, dass sich junge Menschen damit schwertun. L\u00e4sst man sich aber darauf ein, bringt einen das weiter. Und wenn man mit f\u00fcnf Leuten loszieht, mit einer klaren Aufgabe und einer konkreten Motivvorgabe, erh\u00e4lt man am Ende f\u00fcnf unterschiedliche Bilder. Das erweitert den Blick auf die eigenen Fotos und schafft Lernprozesse.<\/p>\n\n\n\n<h2 class=\"wp-block-heading\">9. Gibt es noch eine Botschaft oder einen Gedanken, den du angehenden Fotografen mit auf den Weg geben m\u00f6chtest?<\/h2>\n\n\n\n<p>Traut euch, gegen den Trend zu gehen! Die Zukunft liegt nicht in der Einheitlichkeit, sondern in der Individualit\u00e4t der Fotografie. Computer folgen Algorithmen, Menschen haben Ideen \u2013 und die Idee ist die Grundlage der Kreativit\u00e4t. Es geht nicht um Likes. Es geht nicht um Egostreichelei in Social-Media-Kan\u00e4len. Es geht um Geschichten, Emotionen und Momente.<\/p>\n","protected":false},"excerpt":{"rendered":"<p>F\u00fchrt eine Fotoschule und l\u00e4sst Bilder Geschichten erz\u00e4hlen \u2013 von Portr\u00e4ts bis k\u00fcnstlerischer Fotografie.<\/p>\n","protected":false},"author":3,"featured_media":293,"comment_status":"open","ping_status":"open","sticky":false,"template":"single-with-sidebar","format":"standard","meta":{"_acf_changed":false,"footnotes":""},"categories":[1],"tags":[26,12],"class_list":["post-310","post","type-post","status-publish","format-standard","has-post-thumbnail","hentry","category-uncategorized","tag-ausbilder","tag-fotograf"],"acf":[],"_links":{"self":[{"href":"https:\/\/www.myposter.de\/initiative-kreative-berufe\/wp-json\/wp\/v2\/posts\/310","targetHints":{"allow":["GET"]}}],"collection":[{"href":"https:\/\/www.myposter.de\/initiative-kreative-berufe\/wp-json\/wp\/v2\/posts"}],"about":[{"href":"https:\/\/www.myposter.de\/initiative-kreative-berufe\/wp-json\/wp\/v2\/types\/post"}],"author":[{"embeddable":true,"href":"https:\/\/www.myposter.de\/initiative-kreative-berufe\/wp-json\/wp\/v2\/users\/3"}],"replies":[{"embeddable":true,"href":"https:\/\/www.myposter.de\/initiative-kreative-berufe\/wp-json\/wp\/v2\/comments?post=310"}],"version-history":[{"count":13,"href":"https:\/\/www.myposter.de\/initiative-kreative-berufe\/wp-json\/wp\/v2\/posts\/310\/revisions"}],"predecessor-version":[{"id":908,"href":"https:\/\/www.myposter.de\/initiative-kreative-berufe\/wp-json\/wp\/v2\/posts\/310\/revisions\/908"}],"wp:featuredmedia":[{"embeddable":true,"href":"https:\/\/www.myposter.de\/initiative-kreative-berufe\/wp-json\/wp\/v2\/media\/293"}],"wp:attachment":[{"href":"https:\/\/www.myposter.de\/initiative-kreative-berufe\/wp-json\/wp\/v2\/media?parent=310"}],"wp:term":[{"taxonomy":"category","embeddable":true,"href":"https:\/\/www.myposter.de\/initiative-kreative-berufe\/wp-json\/wp\/v2\/categories?post=310"},{"taxonomy":"post_tag","embeddable":true,"href":"https:\/\/www.myposter.de\/initiative-kreative-berufe\/wp-json\/wp\/v2\/tags?post=310"}],"curies":[{"name":"wp","href":"https:\/\/api.w.org\/{rel}","templated":true}]}}